{"id":6517,"date":"2020-05-23T08:58:34","date_gmt":"2020-05-23T11:58:34","guid":{"rendered":"http:\/\/www.schwartzman.org.br\/sitesimon\/?p=6517"},"modified":"2020-06-01T19:59:26","modified_gmt":"2020-06-01T22:59:26","slug":"liberalismo-ou-fascismo","status":"publish","type":"post","link":"https:\/\/www.schwartzman.org.br\/sitesimon\/liberalismo-ou-fascismo\/","title":{"rendered":"Liberalismo ou fascismo?"},"content":{"rendered":"\n<p class=\"has-text-align-center wp-block-paragraph\">(<a href=\"https:\/\/oglobo.globo.com\/opiniao\/liberalismo-ou-fascismo-24442873?utm_source=aplicativoOGlobo&amp;utm_medium=aplicativo&amp;utm_campaign=compartilhar\">publicado em O Globo \/ Opini\u00e3o, 23 de maio de 2020<\/a>)<\/p>\n<span hidden class=\"__iawmlf-post-loop-links\" data-iawmlf-links=\"[{&quot;id&quot;:168,&quot;href&quot;:&quot;https:\\\/\\\/oglobo.globo.com\\\/opiniao\\\/liberalismo-ou-fascismo-24442873?utm_source=aplicativoOGlobo\\u0026utm_medium=aplicativo\\u0026utm_campaign=compartilhar&quot;,&quot;archived_href&quot;:&quot;&quot;,&quot;redirect_href&quot;:&quot;&quot;,&quot;checks&quot;:[],&quot;broken&quot;:false,&quot;last_checked&quot;:null,&quot;process&quot;:&quot;done&quot;}]\"><\/span>\n\n\n<p class=\"wp-block-paragraph\">Do deprimente v\u00eddeo da reuni\u00e3o de governo de Bolsonaro, quase todos os coment\u00e1rios se concentraram nos palavr\u00f5es, nos insultos e sobre se ele disse ou n\u00e3o se pretendia intervir na pol\u00edcia federal. Mas o que mais me chamou a aten\u00e7\u00e3o foi a parte em que ele fala da facilidade com que se poderia implantar uma ditadura no Brasil, e da necessidade de armar a popula\u00e7\u00e3o para resistir e se defender. Pedro D\u00f3ria, do&nbsp;Meio, e Dem\u00e9trio Magnoli, na GloboNews, tamb\u00e9m deram destaque a isto, sendo que Doria interpreta como sendo uma manifesta\u00e7\u00e3o de liberalismo extremo como o que grassa em alguns setores nos Estados Unidos, a busca da volta a uma sociedade que teria existido no s\u00e9culo 18, de um Estado diminuto e uma popula\u00e7\u00e3o organizada em mil\u00edcias e armada para se defender. Mas me parece que a inspira\u00e7\u00e3o n\u00e3o \u00e9 esta, e sim do fascismo, objeto de um livro recente de Antonio Scurati sobre Mussolini que resenhei em um&nbsp;<a href=\"https:\/\/www.schwartzman.org.br\/sitesimon\/?p=6469\">artigo de alguns meses atr\u00e1s.<\/a><\/p>\n\n\n\n<p class=\"wp-block-paragraph\">Que risco \u00e9 este de ditadura que Bolsonaro tanto teme? N\u00e3o s\u00e3o justamente ele e seu grupo mais pr\u00f3ximo que ficam o tempo todo amea\u00e7ando fechar o Congresso e o Judici\u00e1rio?&nbsp;&nbsp;Mas ele mesmo d\u00e1 exemplos do que pensa: o risco da ditadura viria dos governadores e prefeitos que mandam as pessoas ficar em casa para controlar a epidemia , da pessoa que impede que seu irm\u00e3o entre em um a\u00e7ougue sem m\u00e1scara, das institui\u00e7\u00f5es que tentam investigar seus filhos, do Supremo Federal que impede que ele nomeie seu amigo para pol\u00edcia federal, do Congresso que n\u00e3o aprova suas medidas provis\u00f3rias. Ele ataca o governador do Rio de Janeiro porque acha que ele est\u00e1 conspirando para incriminar sua fam\u00edlia, mas n\u00e3o diz uma palavra sobre a viol\u00eancia policial que o governador estimula, que mata milhares de pessoas, nem sobre as mil\u00edcias que exploram e tamb\u00e9m matam a popula\u00e7\u00e3o em sua cidade.&nbsp;<\/p>\n\n\n\n<p class=\"wp-block-paragraph\">O que Bolsonaro tem na cabe\u00e7a n\u00e3o \u00e9 um Estado m\u00ednimo e uma popula\u00e7\u00e3o armada para se defender, mas um Estado m\u00e1ximo, sem limites, controlado por um ditador acima das leis e apoiado por mil\u00edcias armadas dedicadas a manter a oposi\u00e7\u00e3o acuada e liquidar todas as outras formas de autoridade p\u00fablica (o \u201ccasamento\u201d com o liberalismo de Paulo Guedes \u00e9 de mera conveni\u00eancia, como foi o casamento com S\u00e9rgio Moro).&nbsp;&nbsp;Mussolini conseguiu isso na It\u00e1lia, com um discurso violento contra as institui\u00e7\u00f5es e a mobiliza\u00e7\u00e3o de pequenos grupos de ex-militares e marginais, os&nbsp;<em>Fasci Italiani di Combattimento<\/em>. Explorando a crise econ\u00f4mica e social depois da Primeira Guerra, os fascistas foram aos poucos ganhando adeptos e culminaram na famosa marcha sobre Roma de 1922, que for\u00e7ou o governo a nome\u00e1-lo como Primeiro Ministro, posi\u00e7\u00e3o a partir da qual, metodicamente, foi desmontando as institui\u00e7\u00f5es e implantando sua ditadura pessoal, at\u00e9 a aventura da Segunda Guerra Mundial.&nbsp;<\/p>\n\n\n\n<p class=\"wp-block-paragraph\">Como mostra Scurati, as mil\u00edcias fascistas que chegaram a Roma eram um bando ca\u00f3tico e desorganizado que poderia ter sido facilmente detido pelo ex\u00e9rcito, que no entanto ficou confuso e acuado e n\u00e3o saiu em defesa do Estado de direito. O poder crescente de Mussolini n\u00e3o se devia somente \u00e0 orat\u00f3ria e \u00e0 for\u00e7a amedrontadora das mil\u00edcias, mas, por tr\u00e1s, a negocia\u00e7\u00f5es secretas e troca de favores com os mesmos grupos pol\u00edticos e econ\u00f4micos que denunciava em p\u00fablico, e um processo regular de liquida\u00e7\u00e3o dos aliados que ousavam voo pr\u00f3prio.<\/p>\n\n\n\n<p class=\"wp-block-paragraph\">N\u00e3o sei se este modelo est\u00e1 sendo seguido deliberadamente, mas \u00e9 dif\u00edcil que a semelhan\u00e7a seja mera coincid\u00eancia.<\/p>\n<!-- AddThis Advanced Settings generic via filter on the_content --><!-- AddThis Share Buttons generic via filter on the_content -->","protected":false},"excerpt":{"rendered":"<p>(publicado em O Globo \/ Opini\u00e3o, 23 de maio de 2020) Do deprimente v\u00eddeo da reuni\u00e3o de governo de Bolsonaro, quase todos os coment\u00e1rios se concentraram nos palavr\u00f5es, nos insultos e sobre se ele disse ou n\u00e3o se pretendia intervir na pol\u00edcia federal. Mas o que mais me chamou a aten\u00e7\u00e3o foi a parte em &hellip; <a href=\"https:\/\/www.schwartzman.org.br\/sitesimon\/liberalismo-ou-fascismo\/\" class=\"more-link\">Continue reading<span class=\"screen-reader-text\"> &#8220;Liberalismo ou fascismo?&#8221;<\/span><\/a><!-- AddThis Advanced Settings generic via filter on get_the_excerpt --><!-- AddThis Share Buttons generic via filter on get_the_excerpt --><\/p>\n","protected":false},"author":1,"featured_media":0,"comment_status":"open","ping_status":"closed","sticky":false,"template":"","format":"standard","meta":{"footnotes":"","_members_access_role":[],"_members_access_error":""},"categories":[19,21],"tags":[],"class_list":["post-6517","post","type-post","status-publish","format-standard","hentry","category-geral","category-politica"],"_links":{"self":[{"href":"https:\/\/www.schwartzman.org.br\/sitesimon\/wp-json\/wp\/v2\/posts\/6517","targetHints":{"allow":["GET"]}}],"collection":[{"href":"https:\/\/www.schwartzman.org.br\/sitesimon\/wp-json\/wp\/v2\/posts"}],"about":[{"href":"https:\/\/www.schwartzman.org.br\/sitesimon\/wp-json\/wp\/v2\/types\/post"}],"author":[{"embeddable":true,"href":"https:\/\/www.schwartzman.org.br\/sitesimon\/wp-json\/wp\/v2\/users\/1"}],"replies":[{"embeddable":true,"href":"https:\/\/www.schwartzman.org.br\/sitesimon\/wp-json\/wp\/v2\/comments?post=6517"}],"version-history":[{"count":3,"href":"https:\/\/www.schwartzman.org.br\/sitesimon\/wp-json\/wp\/v2\/posts\/6517\/revisions"}],"predecessor-version":[{"id":6541,"href":"https:\/\/www.schwartzman.org.br\/sitesimon\/wp-json\/wp\/v2\/posts\/6517\/revisions\/6541"}],"wp:attachment":[{"href":"https:\/\/www.schwartzman.org.br\/sitesimon\/wp-json\/wp\/v2\/media?parent=6517"}],"wp:term":[{"taxonomy":"category","embeddable":true,"href":"https:\/\/www.schwartzman.org.br\/sitesimon\/wp-json\/wp\/v2\/categories?post=6517"},{"taxonomy":"post_tag","embeddable":true,"href":"https:\/\/www.schwartzman.org.br\/sitesimon\/wp-json\/wp\/v2\/tags?post=6517"}],"curies":[{"name":"wp","href":"https:\/\/api.w.org\/{rel}","templated":true}]}}