{"id":7240,"date":"2023-05-12T07:29:49","date_gmt":"2023-05-12T10:29:49","guid":{"rendered":"https:\/\/www.schwartzman.org.br\/sitesimon\/?p=7240"},"modified":"2023-05-13T00:02:27","modified_gmt":"2023-05-13T03:02:27","slug":"sucata","status":"publish","type":"post","link":"https:\/\/www.schwartzman.org.br\/sitesimon\/sucata\/","title":{"rendered":"Sucata"},"content":{"rendered":"\n<p class=\"wp-block-paragraph\">(<em>O artigo abaixo foi publicado em <strong>O Estado de S\u00e3o Paulo<\/strong>, 12 de maio de 2023. O tema s\u00e3o as desigualdades no ensino superior brasileiro. No dia 25 de maio  \u00e0s 17h devo fazer uma apresenta\u00e7\u00e3o remota sobre o tema em um semin\u00e1rio do N\u00facleo Interdisciplinar de Estudos sobre Desigualdade, quem estiver interessado <a href=\"https:\/\/www.eventbrite.com\/e\/seminario-nied-ceres-simon-schwartzman-tickets-634949399747\">pode se inscrever neste link. <\/a>  A vers\u00e3o preliminar do trabalho de refer\u00eancia, em ingl\u00eas, <a href=\"https:\/\/archive.org\/details\/new-tipology-may-11\">est\u00e1 dispon\u00edvel aqui,<\/a> e coment\u00e1rios s\u00e3o desde logo bem vindos<\/em>)<\/p>\n<span hidden class=\"__iawmlf-post-loop-links\" data-iawmlf-links=\"[{&quot;id&quot;:47,&quot;href&quot;:&quot;https:\\\/\\\/www.eventbrite.com\\\/e\\\/seminario-nied-ceres-simon-schwartzman-tickets-634949399747&quot;,&quot;archived_href&quot;:&quot;https:\\\/\\\/web-wp.archive.org\\\/web\\\/20260415141442\\\/https:\\\/\\\/www.eventbrite.com\\\/e\\\/seminario-nied-ceres-simon-schwartzman-tickets-634949399747&quot;,&quot;redirect_href&quot;:&quot;&quot;,&quot;checks&quot;:[{&quot;date&quot;:&quot;2026-04-16 13:51:20&quot;,&quot;http_code&quot;:206},{&quot;date&quot;:&quot;2026-04-19 23:55:12&quot;,&quot;http_code&quot;:206},{&quot;date&quot;:&quot;2026-04-24 02:01:53&quot;,&quot;http_code&quot;:206},{&quot;date&quot;:&quot;2026-04-29 14:29:41&quot;,&quot;http_code&quot;:206},{&quot;date&quot;:&quot;2026-05-03 03:31:03&quot;,&quot;http_code&quot;:206},{&quot;date&quot;:&quot;2026-05-08 02:36:42&quot;,&quot;http_code&quot;:206},{&quot;date&quot;:&quot;2026-05-15 16:23:17&quot;,&quot;http_code&quot;:206},{&quot;date&quot;:&quot;2026-05-19 06:19:18&quot;,&quot;http_code&quot;:206},{&quot;date&quot;:&quot;2026-05-24 12:27:38&quot;,&quot;http_code&quot;:206},{&quot;date&quot;:&quot;2026-05-28 10:42:41&quot;,&quot;http_code&quot;:206},{&quot;date&quot;:&quot;2026-06-02 09:24:05&quot;,&quot;http_code&quot;:206},{&quot;date&quot;:&quot;2026-06-06 01:00:04&quot;,&quot;http_code&quot;:206},{&quot;date&quot;:&quot;2026-06-10 01:55:36&quot;,&quot;http_code&quot;:206},{&quot;date&quot;:&quot;2026-06-13 20:47:37&quot;,&quot;http_code&quot;:206},{&quot;date&quot;:&quot;2026-06-17 09:47:09&quot;,&quot;http_code&quot;:206},{&quot;date&quot;:&quot;2026-06-22 06:53:24&quot;,&quot;http_code&quot;:206},{&quot;date&quot;:&quot;2026-06-25 17:47:34&quot;,&quot;http_code&quot;:206},{&quot;date&quot;:&quot;2026-06-29 09:04:38&quot;,&quot;http_code&quot;:206},{&quot;date&quot;:&quot;2026-07-05 15:19:32&quot;,&quot;http_code&quot;:206},{&quot;date&quot;:&quot;2026-07-14 07:39:15&quot;,&quot;http_code&quot;:206},{&quot;date&quot;:&quot;2026-07-28 02:39:53&quot;,&quot;http_code&quot;:206},{&quot;date&quot;:&quot;2026-08-05 01:56:55&quot;,&quot;http_code&quot;:206},{&quot;date&quot;:&quot;2026-08-13 01:47:37&quot;,&quot;http_code&quot;:206},{&quot;date&quot;:&quot;2026-08-17 23:30:22&quot;,&quot;http_code&quot;:206},{&quot;date&quot;:&quot;2026-08-22 18:02:41&quot;,&quot;http_code&quot;:206},{&quot;date&quot;:&quot;2026-08-29 09:36:19&quot;,&quot;http_code&quot;:503}],&quot;broken&quot;:false,&quot;last_checked&quot;:{&quot;date&quot;:&quot;2026-08-29 09:36:19&quot;,&quot;http_code&quot;:503},&quot;process&quot;:&quot;done&quot;},{&quot;id&quot;:48,&quot;href&quot;:&quot;https:\\\/\\\/archive.org\\\/details\\\/new-tipology-may-11&quot;,&quot;archived_href&quot;:&quot;&quot;,&quot;redirect_href&quot;:&quot;&quot;,&quot;checks&quot;:[],&quot;broken&quot;:false,&quot;last_checked&quot;:null,&quot;process&quot;:&quot;done&quot;}]\"><\/span>\n\n\n<p class=\"wp-block-paragraph\">\u201cTodos os animais s\u00e3o iguais, mas alguns s\u00e3o mais iguais do que outros\u201d, dizia a Constitui\u00e7\u00e3o da distopia imaginada por George Orwell em <em>A Revolu\u00e7\u00e3o dos Bichos<\/em>. Me lembrei desta frase ao ver os resultados de um trabalho important\u00edssimo feito pelo INEP sobre o que acontece com os jovens que entram no ensino superior brasileiro. &nbsp;Entitulado \u201cIndicadores de fluxo na Educa\u00e7\u00e3o Superior\u201d, os dados est\u00e3o dispon\u00edveis na Internet, mas at\u00e9 hoje nunca vi algu\u00e9m que tenha se dado ao trabalho de falar da gravidade do que revelam.<\/p>\n\n\n\n<p class=\"wp-block-paragraph\">O que o INEP fez foi identificar os alunos que entraram no ensino superior em determinado ano, e verificar, em cada ano seguinte, o que aconteceu com cada um \u2013 se continua estudando, se abandonou o curso, ou se concluiu. A metodologia \u00e9 complicada, mas os resultados s\u00e3o f\u00e1ceis de entender. Para o Brasil como um todo, dos que entraram em 2015, cinco anos depois, em 2020, 35% haviam se formado, 10% continuavam estudando, e 54%, mais da metade, haviam abandonado sem terminar. Os n\u00fameros variam conforme o tipo de institui\u00e7\u00e3o, a modalidade do curso e a \u00e1rea de estudos, mas n\u00e3o muito. No setor privado, com 75% da matr\u00edcula, a taxa acumulada de abandono depois de 5 anos era de 57%; no setor p\u00fablico, 47%. Um pouco melhor, mais ainda muito alta. Para os estudantes em cursos presenciais, era de 54%; para os cursos \u00e0 dist\u00e2ncia, 65%. A \u00e1rea com maior propor\u00e7\u00e3o de estudantes que abandonam \u00e9 a de tecnologias de computa\u00e7\u00e3o e informa\u00e7\u00e3o, 65%, seguida das engenharias, 59%.<\/p>\n\n\n\n<p class=\"wp-block-paragraph\">S\u00e3o dados desastrosos, que podem ser explicados por muitos fatores, como a dificuldade dos alunos em seguir cursos mais exigentes, a precariedade dos cursos \u00e0 dist\u00e2ncia. a necessidade de trabalhar, a dificuldade em pagar as mensalidades das faculdades privadas, e outros. O que \u00e9 inexplic\u00e1vel \u00e9 que ningu\u00e9m parece ser preocupar com isto. Este dado n\u00e3o entra no complicado sistema de avalia\u00e7\u00e3o do MEC, as verbas e os sal\u00e1rios dos professores nas universidades p\u00fablicas continuam chegando quer os alunos se formem ou n\u00e3o, e as universidades privadas n\u00e3o devolvem as mensalidades dos que n\u00e3o se formam.<\/p>\n\n\n\n<p class=\"wp-block-paragraph\">O que faz lembrar a sociedade dos bichos \u00e9 que, nos \u00faltimos 20 anos, as politicas de educa\u00e7\u00e3o superior tiveram como preocupa\u00e7\u00e3o quase \u00fanica tornar o acesso aos estudos universit\u00e1rios o mais igualit\u00e1rio poss\u00edvel. Programas como o Prouni, Reuni, Cr\u00e9dito Educativo, a transforma\u00e7\u00e3o dos antigos CEFETS em institutos universit\u00e1rios, a transforma\u00e7\u00e3o do ENEM em exame vestibular nacional, a lei de cotas, todos buscavam ampliar as vagas, oferecer estudos gratuitos ou empr\u00e9stimos a perder de vista para pagar os estudos, facilitar os processos seletivos, e privilegiar estudantes mais pobres, das redes p\u00fablicas e n\u00e3o brancos. Com isto, o ensino superior se tornou um pouco maior e mais igualit\u00e1rio, o setor p\u00fablico ficou menos elitista, mas, ainda assim, fazer um curso superior continuou sendo um privil\u00e9gio. E boa parte da desigualdade entre os que entravam ou ficavam fora agora existe dentro, entre os que se graduam e a metade que fica pelo caminho. \u00c9 um enorme desperd\u00edcio, como de uma f\u00e1brica que joga fora metade do que produz, e uma grande frustra\u00e7\u00e3o para os que entram cheios de esperan\u00e7a, investem tempo e dinheiro, e acabam sendo for\u00e7ados a desistir.<\/p>\n\n\n\n<p class=\"wp-block-paragraph\">Claro, aa frustra\u00e7\u00f5es j\u00e1 vinham se acumulando desde antes, para os milh\u00f5es que terminam o ensino fundamental sem saber ler direito, os que n\u00e3o conseguem terminar o ensino m\u00e9dio, os que n\u00e3o conseguem notas razo\u00e1veis no ENEM; e continua inclusive para os que, depois de quatro ou cinco anos, terminam com um diploma universit\u00e1rio, mas mal conseguem um emprego de n\u00edvel m\u00e9dio. Mas parece que n\u00e3o importa \u2013 h\u00e1 sempre aqueles que se d\u00e3o bem, que s\u00e3o mais iguais do que os outros, e mant\u00eam o mito de que todos um dia poder\u00e3o chegar l\u00e1.<\/p>\n\n\n\n<p class=\"wp-block-paragraph\">Os dados de fluxo nos dizem qual as chances de um estudante de determinada \u00e1rea de estudo ou setor terminar seu curso, mas n\u00e3o identificam quais institui\u00e7\u00f5es cuidam mais de seus alunos, nem que caracter\u00edsticas dos alunos os tornam mais vulner\u00e1veis ao fracasso. Al\u00e9m disto, os estudantes s\u00f3 t\u00eam uma ideia vaga das oportunidades que ter\u00e3o no mercado de trabalho. Temos informa\u00e7\u00f5es gerais que nos dizem que ter um diploma universit\u00e1rio facilita muito ter um emprego est\u00e1vel e um bom sal\u00e1rio, o que explica porque tanta gente continua tentando. Mas n\u00e3o existe nenhum sistema de informa\u00e7\u00f5es que ajude os estudantes a escolher seus cursos, e que ajude aos governantes a decidir que institui\u00e7\u00f5es e \u00e1reas de estudo precisam ser apoiadas ou desestimuladas.<\/p>\n\n\n\n<p class=\"wp-block-paragraph\">S\u00e3o estas informa\u00e7\u00f5es, e n\u00e3o provas que a ningu\u00e9m importa e indicadores que ningu\u00e9m entende, que deveriam ser a base de um sistema efetivo de avalia\u00e7\u00e3o da educa\u00e7\u00e3o superior brasileira. J\u00e1 \u00e9 hora de falar menos de igualdade de acesso e encarar a inefici\u00eancia e as desigualdades que existem dentro das institui\u00e7\u00f5es. &nbsp;Como usam seus recursos, qual a qualidade e pertin\u00eancia do que ensinam, e o fazer para que n\u00e3o continuem sucateando metade os jovens que caem em suas m\u00e3os.<\/p>\n<!-- AddThis Advanced Settings generic via filter on the_content --><!-- AddThis Share Buttons generic via filter on the_content -->","protected":false},"excerpt":{"rendered":"<p>(O artigo abaixo foi publicado em O Estado de S\u00e3o Paulo, 12 de maio de 2023. O tema s\u00e3o as desigualdades no ensino superior brasileiro. No dia 25 de maio \u00e0s 17h devo fazer uma apresenta\u00e7\u00e3o remota sobre o tema em um semin\u00e1rio do N\u00facleo Interdisciplinar de Estudos sobre Desigualdade, quem estiver interessado pode se &hellip; <a href=\"https:\/\/www.schwartzman.org.br\/sitesimon\/sucata\/\" class=\"more-link\">Continue reading<span class=\"screen-reader-text\"> &#8220;Sucata&#8221;<\/span><\/a><!-- AddThis Advanced Settings generic via filter on get_the_excerpt --><!-- AddThis Share Buttons generic via filter on get_the_excerpt --><\/p>\n","protected":false},"author":1,"featured_media":0,"comment_status":"open","ping_status":"closed","sticky":false,"template":"","format":"standard","meta":{"footnotes":"","_members_access_role":[],"_members_access_error":""},"categories":[11],"tags":[],"class_list":["post-7240","post","type-post","status-publish","format-standard","hentry","category-educacao-superior"],"_links":{"self":[{"href":"https:\/\/www.schwartzman.org.br\/sitesimon\/wp-json\/wp\/v2\/posts\/7240","targetHints":{"allow":["GET"]}}],"collection":[{"href":"https:\/\/www.schwartzman.org.br\/sitesimon\/wp-json\/wp\/v2\/posts"}],"about":[{"href":"https:\/\/www.schwartzman.org.br\/sitesimon\/wp-json\/wp\/v2\/types\/post"}],"author":[{"embeddable":true,"href":"https:\/\/www.schwartzman.org.br\/sitesimon\/wp-json\/wp\/v2\/users\/1"}],"replies":[{"embeddable":true,"href":"https:\/\/www.schwartzman.org.br\/sitesimon\/wp-json\/wp\/v2\/comments?post=7240"}],"version-history":[{"count":2,"href":"https:\/\/www.schwartzman.org.br\/sitesimon\/wp-json\/wp\/v2\/posts\/7240\/revisions"}],"predecessor-version":[{"id":7244,"href":"https:\/\/www.schwartzman.org.br\/sitesimon\/wp-json\/wp\/v2\/posts\/7240\/revisions\/7244"}],"wp:attachment":[{"href":"https:\/\/www.schwartzman.org.br\/sitesimon\/wp-json\/wp\/v2\/media?parent=7240"}],"wp:term":[{"taxonomy":"category","embeddable":true,"href":"https:\/\/www.schwartzman.org.br\/sitesimon\/wp-json\/wp\/v2\/categories?post=7240"},{"taxonomy":"post_tag","embeddable":true,"href":"https:\/\/www.schwartzman.org.br\/sitesimon\/wp-json\/wp\/v2\/tags?post=7240"}],"curies":[{"name":"wp","href":"https:\/\/api.w.org\/{rel}","templated":true}]}}