{"id":884,"date":"2008-11-12T07:52:23","date_gmt":"2008-11-12T10:52:23","guid":{"rendered":"http:\/\/www.schwartzman.org.br\/sitesimon\/?p=884&amp;lang=pt-br"},"modified":"2010-12-29T22:54:30","modified_gmt":"2010-12-30T01:54:30","slug":"a-questao-da-etica-na-politica-ou-o-que-havia-de-errado-na-udn","status":"publish","type":"post","link":"https:\/\/www.schwartzman.org.br\/sitesimon\/a-questao-da-etica-na-politica-ou-o-que-havia-de-errado-na-udn\/","title":{"rendered":"A quest\u00e3o da \u00e9tica na pol\u00edtica (ou, o que havia de errado na UDN?)"},"content":{"rendered":"<p>A editora da UFMG acaba de publicar &#8220;O poder do pensamento social: disson\u00e2ncias&#8221;:, editado por Renarde Freire Nobre, aonde tenho um cap\u00edtulo sobre o tema da \u00e9tica na pol\u00edtica. Escrito em 2006, o tema vem de muito antes, e continua presente: ent\u00e3o como agora, a preocupa\u00e7\u00e3o com a \u00e9tica costumava ser considerada por muitos como\u00a0 &#8220;de direita&#8221;, ou, simplesmente, &#8220;moralista&#8221;,\u00a0 livrando os &#8220;de esquerda&#8221;, presumivelmente, destas preocupa\u00e7\u00f5es.<\/p>\n<p>No artigo argumento que &#8220;o que havia de errado na UDN n\u00e3o era sua preocupa\u00e7\u00e3o com a \u00e9tica, mas sua incapacidade de entender e formular um projeto de organiza\u00e7\u00e3o da sociedade e do pr\u00f3prio sistema pol\u00edtico que incentivasse os valores \u00e9ticos, e n\u00e3o os comportamentos oportunistas e predat\u00f3rios que caracterizam muito de nossa vida p\u00fablica. N\u00e3o \u00e9 que, se ela tivesse conseguido formular isto, ela conseguiria se impor junto ao eleitorado, da mesma maneira que o candidato da oposi\u00e7\u00e3o dificilmente ganharia as \u00faltimas elei\u00e7\u00f5es, por melhor que tivesse sido seu programa de reformas institucionais. Mas, pelo menos, o pa\u00eds poderia dispor de uma vis\u00e3o alternativa de organiza\u00e7\u00e3o social e funcionamento das institui\u00e7\u00f5es, e n\u00e3o ficaria perdido, como me parece que est\u00e1, entre a\u00a0 \u201cpol\u00edtica de resultados,\u201d por um lado, e a indigna\u00e7\u00e3o moral e o ressentimento de outro&#8221;.<\/p>\n<p><a title=\"Etica na politica\" href=\"http:\/\/www.schwartzman.org.br\/simon\/etica.pdf\" target=\"_blank\">O texto completo est\u00e1 dispon\u00edvel aqui,<\/a> e o livro pode ser adquirido diretamente da editora da UFMG.<span hidden class=\"__iawmlf-post-loop-links\" data-iawmlf-links=\"[{&quot;id&quot;:766,&quot;href&quot;:&quot;http:\\\/\\\/www.schwartzman.org.br\\\/simon\\\/etica.pdf&quot;,&quot;archived_href&quot;:&quot;https:\\\/\\\/web-wp.archive.org\\\/web\\\/20250622074756\\\/http:\\\/\\\/www.schwartzman.org.br\\\/simon\\\/etica.pdf&quot;,&quot;redirect_href&quot;:&quot;&quot;,&quot;checks&quot;:[{&quot;date&quot;:&quot;2026-04-15 23:42:51&quot;,&quot;http_code&quot;:206},{&quot;date&quot;:&quot;2026-04-19 16:28:17&quot;,&quot;http_code&quot;:206},{&quot;date&quot;:&quot;2026-04-24 12:26:38&quot;,&quot;http_code&quot;:206},{&quot;date&quot;:&quot;2026-04-27 14:18:55&quot;,&quot;http_code&quot;:206},{&quot;date&quot;:&quot;2026-05-01 02:31:33&quot;,&quot;http_code&quot;:206},{&quot;date&quot;:&quot;2026-05-04 12:16:55&quot;,&quot;http_code&quot;:206},{&quot;date&quot;:&quot;2026-05-11 08:36:40&quot;,&quot;http_code&quot;:503},{&quot;date&quot;:&quot;2026-05-14 10:05:51&quot;,&quot;http_code&quot;:429},{&quot;date&quot;:&quot;2026-05-19 08:32:16&quot;,&quot;http_code&quot;:206},{&quot;date&quot;:&quot;2026-05-23 11:58:20&quot;,&quot;http_code&quot;:206},{&quot;date&quot;:&quot;2026-05-29 06:06:55&quot;,&quot;http_code&quot;:206},{&quot;date&quot;:&quot;2026-06-02 01:52:12&quot;,&quot;http_code&quot;:206},{&quot;date&quot;:&quot;2026-06-05 16:46:07&quot;,&quot;http_code&quot;:206},{&quot;date&quot;:&quot;2026-06-09 04:40:29&quot;,&quot;http_code&quot;:206},{&quot;date&quot;:&quot;2026-06-12 23:29:23&quot;,&quot;http_code&quot;:206},{&quot;date&quot;:&quot;2026-06-16 17:55:32&quot;,&quot;http_code&quot;:206},{&quot;date&quot;:&quot;2026-06-22 05:52:11&quot;,&quot;http_code&quot;:206},{&quot;date&quot;:&quot;2026-06-25 07:29:50&quot;,&quot;http_code&quot;:206},{&quot;date&quot;:&quot;2026-06-28 07:59:30&quot;,&quot;http_code&quot;:206},{&quot;date&quot;:&quot;2026-07-04 20:37:16&quot;,&quot;http_code&quot;:206},{&quot;date&quot;:&quot;2026-07-09 15:46:42&quot;,&quot;http_code&quot;:206},{&quot;date&quot;:&quot;2026-07-14 11:08:17&quot;,&quot;http_code&quot;:206},{&quot;date&quot;:&quot;2026-07-18 20:46:36&quot;,&quot;http_code&quot;:206},{&quot;date&quot;:&quot;2026-07-26 19:44:48&quot;,&quot;http_code&quot;:206},{&quot;date&quot;:&quot;2026-07-30 08:59:26&quot;,&quot;http_code&quot;:206},{&quot;date&quot;:&quot;2026-08-03 07:26:37&quot;,&quot;http_code&quot;:206},{&quot;date&quot;:&quot;2026-08-07 12:55:36&quot;,&quot;http_code&quot;:206},{&quot;date&quot;:&quot;2026-08-11 13:44:52&quot;,&quot;http_code&quot;:206},{&quot;date&quot;:&quot;2026-08-16 10:19:58&quot;,&quot;http_code&quot;:206},{&quot;date&quot;:&quot;2026-08-21 09:48:41&quot;,&quot;http_code&quot;:206},{&quot;date&quot;:&quot;2026-08-25 03:32:53&quot;,&quot;http_code&quot;:206},{&quot;date&quot;:&quot;2026-08-28 04:29:11&quot;,&quot;http_code&quot;:206}],&quot;broken&quot;:false,&quot;last_checked&quot;:{&quot;date&quot;:&quot;2026-08-28 04:29:11&quot;,&quot;http_code&quot;:206},&quot;process&quot;:&quot;done&quot;}]\"><\/span><\/p>\n<!-- AddThis Advanced Settings generic via filter on the_content --><!-- AddThis Share Buttons generic via filter on the_content -->","protected":false},"excerpt":{"rendered":"<p>A editora da UFMG acaba de publicar &#8220;O poder do pensamento social: disson\u00e2ncias&#8221;:, editado por Renarde Freire Nobre, aonde tenho um cap\u00edtulo sobre o tema da \u00e9tica na pol\u00edtica. Escrito em 2006, o tema vem de muito antes, e continua presente: ent\u00e3o como agora, a preocupa\u00e7\u00e3o com a \u00e9tica costumava ser considerada por muitos como\u00a0 &hellip; <a href=\"https:\/\/www.schwartzman.org.br\/sitesimon\/a-questao-da-etica-na-politica-ou-o-que-havia-de-errado-na-udn\/\" class=\"more-link\">Continue reading<span class=\"screen-reader-text\"> &#8220;A quest\u00e3o da \u00e9tica na pol\u00edtica (ou, o que havia de errado na UDN?)&#8221;<\/span><\/a><!-- AddThis Advanced Settings generic via filter on get_the_excerpt --><!-- AddThis Share Buttons generic via filter on get_the_excerpt --><\/p>\n","protected":false},"author":1,"featured_media":0,"comment_status":"open","ping_status":"open","sticky":false,"template":"","format":"standard","meta":{"footnotes":"","_members_access_role":[],"_members_access_error":""},"categories":[19],"tags":[],"class_list":["post-884","post","type-post","status-publish","format-standard","hentry","category-geral"],"_links":{"self":[{"href":"https:\/\/www.schwartzman.org.br\/sitesimon\/wp-json\/wp\/v2\/posts\/884","targetHints":{"allow":["GET"]}}],"collection":[{"href":"https:\/\/www.schwartzman.org.br\/sitesimon\/wp-json\/wp\/v2\/posts"}],"about":[{"href":"https:\/\/www.schwartzman.org.br\/sitesimon\/wp-json\/wp\/v2\/types\/post"}],"author":[{"embeddable":true,"href":"https:\/\/www.schwartzman.org.br\/sitesimon\/wp-json\/wp\/v2\/users\/1"}],"replies":[{"embeddable":true,"href":"https:\/\/www.schwartzman.org.br\/sitesimon\/wp-json\/wp\/v2\/comments?post=884"}],"version-history":[{"count":5,"href":"https:\/\/www.schwartzman.org.br\/sitesimon\/wp-json\/wp\/v2\/posts\/884\/revisions"}],"predecessor-version":[{"id":1972,"href":"https:\/\/www.schwartzman.org.br\/sitesimon\/wp-json\/wp\/v2\/posts\/884\/revisions\/1972"}],"wp:attachment":[{"href":"https:\/\/www.schwartzman.org.br\/sitesimon\/wp-json\/wp\/v2\/media?parent=884"}],"wp:term":[{"taxonomy":"category","embeddable":true,"href":"https:\/\/www.schwartzman.org.br\/sitesimon\/wp-json\/wp\/v2\/categories?post=884"},{"taxonomy":"post_tag","embeddable":true,"href":"https:\/\/www.schwartzman.org.br\/sitesimon\/wp-json\/wp\/v2\/tags?post=884"}],"curies":[{"name":"wp","href":"https:\/\/api.w.org\/{rel}","templated":true}]}}